{"id":1015,"date":"2010-05-22T09:41:08","date_gmt":"2010-05-22T09:41:08","guid":{"rendered":"http:\/\/test.tamaraferioli.it\/?p=1015"},"modified":"2019-07-29T09:43:13","modified_gmt":"2019-07-29T09:43:13","slug":"contes-et-passions-episode-3-22-mai-24-juillet-2010-galerie-placido-paris","status":"publish","type":"post","link":"https:\/\/www.tamaraferioli.it\/it\/contes-et-passions-episode-3-22-mai-24-juillet-2010-galerie-placido-paris\/","title":{"rendered":"CONTES ET PASSIONS, \u00e9pisode 3 &#8211; 22 mai \/ 24 juillet 2010 &#8211; Galerie Placido &#8211; Paris"},"content":{"rendered":"\n<p>CAMILLE B\u00c9QUI\u00c9, MAROUSSIA CHANUT, TAMARA FERIOLI, ASAM\u00cf NISHIMURA <br>Vernissage le 22 mai 2010 <br>Opening on may 22, 2010 <br>Du 22 mai 2010 au 06 septembre 2010 <br>From may 22, 2010 to september 06, 2010 <br>Contact Presse : <br>Diane Blandin <br>01 42 74 23 21 41 <br>rue Chapon &#8211; 75003 Paris (me\u0301tro Rambuteau) <br>ouvert du mardi au samedi de 14 h a\u0300 19 h et sur RV <br>te\u0301l : 01 42 74 23 21 &#8211; fax : 01 42 12 09 86 <br>www.galerie-placido.com &#8211; info@galerie-placido.com<br><a href=\"http:\/\/www.galerie-placido.com\" target=\"_blank\" rel=\"noreferrer noopener\" aria-label=\"www.galerie-placido.com (opens in a new tab)\">www.galerie-placido.com<\/a><\/p>\n","protected":false},"excerpt":{"rendered":"<p>CAMILLE B\u00c9QUI\u00c9, MAROUSSIA CHANUT, TAMARA FERIOLI, ASAM\u00cf NISHIMURA Vernissage le 22 mai 2010 Opening on may 22, 2010 Du 22 mai 2010 au 06 septembre 2010 From may 22, 2010 to september 06, 2010 Contact Presse : Diane Blandin 01 42 74 23 21 41 rue Chapon &#8211; 75003 Paris (me\u0301tro Rambuteau) ouvert du mardi au samedi de 14 h a\u0300 19 h et sur RV te\u0301l : 01 42 74 23 21 &#8211; fax : 01 42 12 09 86 www.galerie-placido.com &#8211; info@galerie-placido.comwww.galerie-placido.com<\/p>\n","protected":false},"author":3,"featured_media":0,"comment_status":"closed","ping_status":"closed","sticky":false,"template":"","format":"standard","meta":{"footnotes":""},"categories":[7],"tags":[],"class_list":["post-1015","post","type-post","status-publish","format-standard","hentry","category-non-categorizzato"],"yoast_head":"<!-- This site is optimized with the Yoast SEO plugin v26.6 - https:\/\/yoast.com\/wordpress\/plugins\/seo\/ -->\n<title>CONTES ET PASSIONS, \u00e9pisode 3 - 22 mai \/ 24 juillet 2010 - Galerie Placido - Paris - Tamara Ferioli<\/title>\n<meta name=\"robots\" content=\"index, follow, max-snippet:-1, max-image-preview:large, max-video-preview:-1\" \/>\n<link rel=\"canonical\" href=\"https:\/\/www.tamaraferioli.it\/it\/contes-et-passions-episode-3-22-mai-24-juillet-2010-galerie-placido-paris\/\" \/>\n<meta property=\"og:locale\" content=\"it_IT\" \/>\n<meta property=\"og:type\" content=\"article\" \/>\n<meta property=\"og:title\" content=\"CONTES ET PASSIONS, \u00e9pisode 3 - 22 mai \/ 24 juillet 2010 - Galerie Placido - Paris - Tamara Ferioli\" \/>\n<meta property=\"og:description\" content=\"CAMILLE B\u00c9QUI\u00c9, MAROUSSIA CHANUT, TAMARA FERIOLI, ASAM\u00cf NISHIMURA Vernissage le 22 mai 2010 Opening on may 22, 2010 Du 22 mai 2010 au 06 septembre 2010 From may 22, 2010 to september 06, 2010 Contact Presse : Diane Blandin 01 42 74 23 21 41 rue Chapon &#8211; 75003 Paris (me\u0301tro Rambuteau) ouvert du mardi au samedi de 14 h a\u0300 19 h et sur RV te\u0301l : 01 42 74 23 21 &#8211; fax : 01 42 12 09 86 www.galerie-placido.com &#8211; info@galerie-placido.comwww.galerie-placido.com\" \/>\n<meta property=\"og:url\" content=\"https:\/\/www.tamaraferioli.it\/it\/contes-et-passions-episode-3-22-mai-24-juillet-2010-galerie-placido-paris\/\" \/>\n<meta property=\"og:site_name\" content=\"Tamara Ferioli\" \/>\n<meta property=\"article:published_time\" content=\"2010-05-22T09:41:08+00:00\" \/>\n<meta property=\"article:modified_time\" content=\"2019-07-29T09:43:13+00:00\" \/>\n<meta name=\"author\" content=\"Paolo Fizzotti\" \/>\n<meta name=\"twitter:card\" content=\"summary_large_image\" \/>\n<meta name=\"twitter:label1\" content=\"Scritto da\" \/>\n\t<meta name=\"twitter:data1\" content=\"Paolo Fizzotti\" \/>\n<script type=\"application\/ld+json\" class=\"yoast-schema-graph\">{\"@context\":\"https:\/\/schema.org\",\"@graph\":[{\"@type\":\"Article\",\"@id\":\"https:\/\/www.tamaraferioli.it\/it\/contes-et-passions-episode-3-22-mai-24-juillet-2010-galerie-placido-paris\/#article\",\"isPartOf\":{\"@id\":\"https:\/\/www.tamaraferioli.it\/it\/contes-et-passions-episode-3-22-mai-24-juillet-2010-galerie-placido-paris\/\"},\"author\":{\"name\":\"Paolo Fizzotti\",\"@id\":\"https:\/\/www.tamaraferioli.it\/#\/schema\/person\/7cbad2320b802d523327959e20c81b8b\"},\"headline\":\"CONTES ET PASSIONS, \u00e9pisode 3 &#8211; 22 mai \/ 24 juillet 2010 &#8211; Galerie Placido &#8211; Paris\",\"datePublished\":\"2010-05-22T09:41:08+00:00\",\"dateModified\":\"2019-07-29T09:43:13+00:00\",\"mainEntityOfPage\":{\"@id\":\"https:\/\/www.tamaraferioli.it\/it\/contes-et-passions-episode-3-22-mai-24-juillet-2010-galerie-placido-paris\/\"},\"wordCount\":72,\"publisher\":{\"@id\":\"https:\/\/www.tamaraferioli.it\/#organization\"},\"articleSection\":[\"Non categorizzato\"],\"inLanguage\":\"it-IT\"},{\"@type\":\"WebPage\",\"@id\":\"https:\/\/www.tamaraferioli.it\/it\/contes-et-passions-episode-3-22-mai-24-juillet-2010-galerie-placido-paris\/\",\"url\":\"https:\/\/www.tamaraferioli.it\/it\/contes-et-passions-episode-3-22-mai-24-juillet-2010-galerie-placido-paris\/\",\"name\":\"CONTES ET PASSIONS, \u00e9pisode 3 - 22 mai \/ 24 juillet 2010 - Galerie Placido - Paris - Tamara Ferioli\",\"isPartOf\":{\"@id\":\"https:\/\/www.tamaraferioli.it\/#website\"},\"datePublished\":\"2010-05-22T09:41:08+00:00\",\"dateModified\":\"2019-07-29T09:43:13+00:00\",\"breadcrumb\":{\"@id\":\"https:\/\/www.tamaraferioli.it\/it\/contes-et-passions-episode-3-22-mai-24-juillet-2010-galerie-placido-paris\/#breadcrumb\"},\"inLanguage\":\"it-IT\",\"potentialAction\":[{\"@type\":\"ReadAction\",\"target\":[\"https:\/\/www.tamaraferioli.it\/it\/contes-et-passions-episode-3-22-mai-24-juillet-2010-galerie-placido-paris\/\"]}]},{\"@type\":\"BreadcrumbList\",\"@id\":\"https:\/\/www.tamaraferioli.it\/it\/contes-et-passions-episode-3-22-mai-24-juillet-2010-galerie-placido-paris\/#breadcrumb\",\"itemListElement\":[{\"@type\":\"ListItem\",\"position\":1,\"name\":\"Home\",\"item\":\"https:\/\/www.tamaraferioli.it\/it\/\"},{\"@type\":\"ListItem\",\"position\":2,\"name\":\"CONTES ET PASSIONS, \u00e9pisode 3 &#8211; 22 mai \/ 24 juillet 2010 &#8211; Galerie Placido &#8211; Paris\"}]},{\"@type\":\"WebSite\",\"@id\":\"https:\/\/www.tamaraferioli.it\/#website\",\"url\":\"https:\/\/www.tamaraferioli.it\/\",\"name\":\"Tamara Ferioli\",\"description\":\"\",\"publisher\":{\"@id\":\"https:\/\/www.tamaraferioli.it\/#organization\"},\"potentialAction\":[{\"@type\":\"SearchAction\",\"target\":{\"@type\":\"EntryPoint\",\"urlTemplate\":\"https:\/\/www.tamaraferioli.it\/?s={search_term_string}\"},\"query-input\":{\"@type\":\"PropertyValueSpecification\",\"valueRequired\":true,\"valueName\":\"search_term_string\"}}],\"inLanguage\":\"it-IT\"},{\"@type\":\"Organization\",\"@id\":\"https:\/\/www.tamaraferioli.it\/#organization\",\"name\":\"Tamara Ferioli\",\"url\":\"https:\/\/www.tamaraferioli.it\/\",\"logo\":{\"@type\":\"ImageObject\",\"inLanguage\":\"it-IT\",\"@id\":\"https:\/\/www.tamaraferioli.it\/#\/schema\/logo\/image\/\",\"url\":\"https:\/\/www.tamaraferioli.it\/wp-content\/uploads\/2019\/05\/tamara_ferioli_logo_esteso.png\",\"contentUrl\":\"https:\/\/www.tamaraferioli.it\/wp-content\/uploads\/2019\/05\/tamara_ferioli_logo_esteso.png\",\"width\":998,\"height\":216,\"caption\":\"Tamara Ferioli\"},\"image\":{\"@id\":\"https:\/\/www.tamaraferioli.it\/#\/schema\/logo\/image\/\"}},{\"@type\":\"Person\",\"@id\":\"https:\/\/www.tamaraferioli.it\/#\/schema\/person\/7cbad2320b802d523327959e20c81b8b\",\"name\":\"Paolo Fizzotti\",\"image\":{\"@type\":\"ImageObject\",\"inLanguage\":\"it-IT\",\"@id\":\"https:\/\/www.tamaraferioli.it\/#\/schema\/person\/image\/\",\"url\":\"https:\/\/secure.gravatar.com\/avatar\/55ac629ecca02b5fcc54b1130b0f11323d69dcca1fc07706e09338b37171dd42?s=96&d=mm&r=g\",\"contentUrl\":\"https:\/\/secure.gravatar.com\/avatar\/55ac629ecca02b5fcc54b1130b0f11323d69dcca1fc07706e09338b37171dd42?s=96&d=mm&r=g\",\"caption\":\"Paolo Fizzotti\"}}]}<\/script>\n<!-- \/ Yoast SEO plugin. -->","yoast_head_json":{"title":"CONTES ET PASSIONS, \u00e9pisode 3 - 22 mai \/ 24 juillet 2010 - Galerie Placido - Paris - Tamara Ferioli","robots":{"index":"index","follow":"follow","max-snippet":"max-snippet:-1","max-image-preview":"max-image-preview:large","max-video-preview":"max-video-preview:-1"},"canonical":"https:\/\/www.tamaraferioli.it\/it\/contes-et-passions-episode-3-22-mai-24-juillet-2010-galerie-placido-paris\/","og_locale":"it_IT","og_type":"article","og_title":"CONTES ET PASSIONS, \u00e9pisode 3 - 22 mai \/ 24 juillet 2010 - Galerie Placido - Paris - Tamara Ferioli","og_description":"CAMILLE B\u00c9QUI\u00c9, MAROUSSIA CHANUT, TAMARA FERIOLI, ASAM\u00cf NISHIMURA Vernissage le 22 mai 2010 Opening on may 22, 2010 Du 22 mai 2010 au 06 septembre 2010 From may 22, 2010 to september 06, 2010 Contact Presse : Diane Blandin 01 42 74 23 21 41 rue Chapon &#8211; 75003 Paris (me\u0301tro Rambuteau) ouvert du mardi au samedi de 14 h a\u0300 19 h et sur RV te\u0301l : 01 42 74 23 21 &#8211; fax : 01 42 12 09 86 www.galerie-placido.com &#8211; info@galerie-placido.comwww.galerie-placido.com","og_url":"https:\/\/www.tamaraferioli.it\/it\/contes-et-passions-episode-3-22-mai-24-juillet-2010-galerie-placido-paris\/","og_site_name":"Tamara Ferioli","article_published_time":"2010-05-22T09:41:08+00:00","article_modified_time":"2019-07-29T09:43:13+00:00","author":"Paolo Fizzotti","twitter_card":"summary_large_image","twitter_misc":{"Scritto da":"Paolo Fizzotti"},"schema":{"@context":"https:\/\/schema.org","@graph":[{"@type":"Article","@id":"https:\/\/www.tamaraferioli.it\/it\/contes-et-passions-episode-3-22-mai-24-juillet-2010-galerie-placido-paris\/#article","isPartOf":{"@id":"https:\/\/www.tamaraferioli.it\/it\/contes-et-passions-episode-3-22-mai-24-juillet-2010-galerie-placido-paris\/"},"author":{"name":"Paolo Fizzotti","@id":"https:\/\/www.tamaraferioli.it\/#\/schema\/person\/7cbad2320b802d523327959e20c81b8b"},"headline":"CONTES ET PASSIONS, \u00e9pisode 3 &#8211; 22 mai \/ 24 juillet 2010 &#8211; Galerie Placido &#8211; Paris","datePublished":"2010-05-22T09:41:08+00:00","dateModified":"2019-07-29T09:43:13+00:00","mainEntityOfPage":{"@id":"https:\/\/www.tamaraferioli.it\/it\/contes-et-passions-episode-3-22-mai-24-juillet-2010-galerie-placido-paris\/"},"wordCount":72,"publisher":{"@id":"https:\/\/www.tamaraferioli.it\/#organization"},"articleSection":["Non categorizzato"],"inLanguage":"it-IT"},{"@type":"WebPage","@id":"https:\/\/www.tamaraferioli.it\/it\/contes-et-passions-episode-3-22-mai-24-juillet-2010-galerie-placido-paris\/","url":"https:\/\/www.tamaraferioli.it\/it\/contes-et-passions-episode-3-22-mai-24-juillet-2010-galerie-placido-paris\/","name":"CONTES ET PASSIONS, \u00e9pisode 3 - 22 mai \/ 24 juillet 2010 - Galerie Placido - Paris - Tamara Ferioli","isPartOf":{"@id":"https:\/\/www.tamaraferioli.it\/#website"},"datePublished":"2010-05-22T09:41:08+00:00","dateModified":"2019-07-29T09:43:13+00:00","breadcrumb":{"@id":"https:\/\/www.tamaraferioli.it\/it\/contes-et-passions-episode-3-22-mai-24-juillet-2010-galerie-placido-paris\/#breadcrumb"},"inLanguage":"it-IT","potentialAction":[{"@type":"ReadAction","target":["https:\/\/www.tamaraferioli.it\/it\/contes-et-passions-episode-3-22-mai-24-juillet-2010-galerie-placido-paris\/"]}]},{"@type":"BreadcrumbList","@id":"https:\/\/www.tamaraferioli.it\/it\/contes-et-passions-episode-3-22-mai-24-juillet-2010-galerie-placido-paris\/#breadcrumb","itemListElement":[{"@type":"ListItem","position":1,"name":"Home","item":"https:\/\/www.tamaraferioli.it\/it\/"},{"@type":"ListItem","position":2,"name":"CONTES ET PASSIONS, \u00e9pisode 3 &#8211; 22 mai \/ 24 juillet 2010 &#8211; Galerie Placido &#8211; Paris"}]},{"@type":"WebSite","@id":"https:\/\/www.tamaraferioli.it\/#website","url":"https:\/\/www.tamaraferioli.it\/","name":"Tamara Ferioli","description":"","publisher":{"@id":"https:\/\/www.tamaraferioli.it\/#organization"},"potentialAction":[{"@type":"SearchAction","target":{"@type":"EntryPoint","urlTemplate":"https:\/\/www.tamaraferioli.it\/?s={search_term_string}"},"query-input":{"@type":"PropertyValueSpecification","valueRequired":true,"valueName":"search_term_string"}}],"inLanguage":"it-IT"},{"@type":"Organization","@id":"https:\/\/www.tamaraferioli.it\/#organization","name":"Tamara Ferioli","url":"https:\/\/www.tamaraferioli.it\/","logo":{"@type":"ImageObject","inLanguage":"it-IT","@id":"https:\/\/www.tamaraferioli.it\/#\/schema\/logo\/image\/","url":"https:\/\/www.tamaraferioli.it\/wp-content\/uploads\/2019\/05\/tamara_ferioli_logo_esteso.png","contentUrl":"https:\/\/www.tamaraferioli.it\/wp-content\/uploads\/2019\/05\/tamara_ferioli_logo_esteso.png","width":998,"height":216,"caption":"Tamara Ferioli"},"image":{"@id":"https:\/\/www.tamaraferioli.it\/#\/schema\/logo\/image\/"}},{"@type":"Person","@id":"https:\/\/www.tamaraferioli.it\/#\/schema\/person\/7cbad2320b802d523327959e20c81b8b","name":"Paolo Fizzotti","image":{"@type":"ImageObject","inLanguage":"it-IT","@id":"https:\/\/www.tamaraferioli.it\/#\/schema\/person\/image\/","url":"https:\/\/secure.gravatar.com\/avatar\/55ac629ecca02b5fcc54b1130b0f11323d69dcca1fc07706e09338b37171dd42?s=96&d=mm&r=g","contentUrl":"https:\/\/secure.gravatar.com\/avatar\/55ac629ecca02b5fcc54b1130b0f11323d69dcca1fc07706e09338b37171dd42?s=96&d=mm&r=g","caption":"Paolo Fizzotti"}}]}},"_links":{"self":[{"href":"https:\/\/www.tamaraferioli.it\/it\/wp-json\/wp\/v2\/posts\/1015","targetHints":{"allow":["GET"]}}],"collection":[{"href":"https:\/\/www.tamaraferioli.it\/it\/wp-json\/wp\/v2\/posts"}],"about":[{"href":"https:\/\/www.tamaraferioli.it\/it\/wp-json\/wp\/v2\/types\/post"}],"author":[{"embeddable":true,"href":"https:\/\/www.tamaraferioli.it\/it\/wp-json\/wp\/v2\/users\/3"}],"replies":[{"embeddable":true,"href":"https:\/\/www.tamaraferioli.it\/it\/wp-json\/wp\/v2\/comments?post=1015"}],"version-history":[{"count":1,"href":"https:\/\/www.tamaraferioli.it\/it\/wp-json\/wp\/v2\/posts\/1015\/revisions"}],"predecessor-version":[{"id":1016,"href":"https:\/\/www.tamaraferioli.it\/it\/wp-json\/wp\/v2\/posts\/1015\/revisions\/1016"}],"wp:attachment":[{"href":"https:\/\/www.tamaraferioli.it\/it\/wp-json\/wp\/v2\/media?parent=1015"}],"wp:term":[{"taxonomy":"category","embeddable":true,"href":"https:\/\/www.tamaraferioli.it\/it\/wp-json\/wp\/v2\/categories?post=1015"},{"taxonomy":"post_tag","embeddable":true,"href":"https:\/\/www.tamaraferioli.it\/it\/wp-json\/wp\/v2\/tags?post=1015"}],"curies":[{"name":"wp","href":"https:\/\/api.w.org\/{rel}","templated":true}]}}